{"id":283,"date":"2016-07-06T13:02:24","date_gmt":"2016-07-06T13:02:24","guid":{"rendered":"http:\/\/gomeral.org.br\/?p=283"},"modified":"2016-07-06T13:05:04","modified_gmt":"2016-07-06T13:05:04","slug":"13-festival-da-truta-do-gomeral","status":"publish","type":"post","link":"http:\/\/gomeral.org.br\/?p=283","title":{"rendered":"13\u00b0 Festival da Truta do Gomeral."},"content":{"rendered":"<p>Sejam todos bem vindos!!!<\/p>\n<p><a href=\"http:\/\/gomeral.org.br\/wp-content\/uploads\/2016\/07\/20160627-cartaz-gomeral-page-002.jpg\"><img decoding=\"async\" loading=\"lazy\" class=\"alignnone size-large wp-image-284\" src=\"http:\/\/gomeral.org.br\/wp-content\/uploads\/2016\/07\/20160627-cartaz-gomeral-page-002-724x1024.jpg\" alt=\"20160627 - cartaz gomeral-page-002\" width=\"474\" height=\"670\" srcset=\"http:\/\/gomeral.org.br\/wp-content\/uploads\/2016\/07\/20160627-cartaz-gomeral-page-002-724x1024.jpg 724w, http:\/\/gomeral.org.br\/wp-content\/uploads\/2016\/07\/20160627-cartaz-gomeral-page-002-212x300.jpg 212w\" sizes=\"(max-width: 474px) 100vw, 474px\" \/><\/a><\/p>\n<p>O Festival da Truta do Gomeral \u00e9 um evento gastron\u00f4mico consagrado, promovido por empreendedores associados em parceria com a Associa\u00e7\u00e3o de Amigos do Gomeral, com apoio da Prefeitura da Est\u00e2ncia Tur\u00edstica de Guarat\u00ednguet\u00e1 e apoio educacional do Senac.<\/p>\n<p>Entre os expositores teremos: restaurantes, pousadas e truticultores da regi\u00e3o, um stand de produtos e artesanatos locais e contaremos tamb\u00e9m com stands de parceiros e patrocinadores.<\/p>\n<p>Venha celebrar conosco o inverno na serra da Mantiqueira, experimentar a nossa gastronomia e curtir uma programa\u00e7\u00e3o diferenciada de shows que preparamos com muito carinho para voc\u00ea!<\/p>\n<p><strong>Atra\u00e7\u00f5es musicais do Festival da Truta do Gomeral 2016<\/strong><\/p>\n<p>Dia 07\/07\/2016<br \/>\nAlmo\u00e7o \u2013 Som Mec\u00e2nico<br \/>\nNoite \u2013 Banda Village \u2013 Estilo Variado<\/p>\n<p>Dia 08\/07\/2016<br \/>\nAlmo\u00e7o \u2013 Som Mec\u00e2nico<br \/>\nNoite \u2013 Banda <a class=\"profileLink\" href=\"https:\/\/www.facebook.com\/KM80OFICIAL\/\" data-hovercard=\"\/ajax\/hovercard\/page.php?id=127028184071274&amp;extragetparams=%7B%22directed_target_id%22%3A231092453924867%7D\">Banda KM80<\/a> \u2013 Estilo Rock anos 70, 80 e 90<\/p>\n<p>Dia 09\/07\/2016<br \/>\nAlmo\u00e7o \u2013 Banda Requinte \u2013 Estilo Samba Raiz<br \/>\nNoite \u2013 Banda <a class=\"profileLink\" href=\"https:\/\/www.facebook.com\/PauloMeyerAndTheThunderheads\/\" data-hovercard=\"\/ajax\/hovercard\/page.php?id=397234773676648&amp;extragetparams=%7B%22directed_target_id%22%3A231092453924867%7D\">Paulo Meyer &amp; The Thunderheads<\/a> \u2013 Estilo Rock\u2019nrol, Blues<\/p>\n<p>Dia 10\/07\/2016<br \/>\nAlmo\u00e7o \u2013 <a class=\"profileLink\" href=\"https:\/\/www.facebook.com\/Fl%C3%A1vio-Pirica-M%C3%BAsico-e-cantor-369784576447100\/\" data-hovercard=\"\/ajax\/hovercard\/page.php?id=369784576447100&amp;extragetparams=%7B%22directed_target_id%22%3A231092453924867%7D\">Fl\u00e1vio Pirica\/ M\u00fasico e cantor<\/a> \u2013 Estilo MPB<br \/>\nNoite \u2013 Banda Paulo Meyer &amp; The Thunderheads \u2013 Estilo Rock\u2019nrol, Blues<\/p>\n<p><strong>Estabelecimentos promotores do 13\u00ba Festival da Truta do Gomeral<\/strong><\/p>\n<p>&gt; Pousada Donana<br \/>\n&gt; <a class=\"profileLink\" href=\"https:\/\/www.facebook.com\/pousadasetenascentes\/\" data-hovercard=\"\/ajax\/hovercard\/page.php?id=241878859277720&amp;extragetparams=%7B%22directed_target_id%22%3A231092453924867%7D\">Pousada 7 Nascentes<\/a><br \/>\n&gt; <a class=\"profileLink\" href=\"https:\/\/www.facebook.com\/Restaurante-e-Creperia-Caminho-da-Serra-437276849785091\/\" data-hovercard=\"\/ajax\/hovercard\/page.php?id=437276849785091&amp;extragetparams=%7B%22directed_target_id%22%3A231092453924867%7D\">Restaurante e Creperia Caminho da Serra<\/a><br \/>\n&gt; Restaurante Cheiro da Serra<br \/>\n&gt; Restaurante Gomeral<br \/>\n&gt; Restaurante Parada da Serra<br \/>\n&gt; Restaurante <a class=\"profileLink\" href=\"https:\/\/www.facebook.com\/profile.php?id=100005375136450\" data-hovercard=\"\/ajax\/hovercard\/user.php?id=100005375136450&amp;extragetparams=%7B%22directed_target_id%22%3A231092453924867%7D\">Rancho Chiaradia<\/a><br \/>\n&gt; <a class=\"profileLink\" href=\"https:\/\/www.facebook.com\/Trutaria-Bela-Vista-Gomeral-420456531380256\/\" data-hovercard=\"\/ajax\/hovercard\/page.php?id=420456531380256&amp;extragetparams=%7B%22directed_target_id%22%3A231092453924867%7D\">Trutaria Bela Vista Gomeral<\/a><br \/>\n&gt; Truticultura Fazenda da Serra<br \/>\n&gt; <a class=\"profileLink\" href=\"https:\/\/www.facebook.com\/Associa%C3%A7%C3%A3o-de-Amigos-do-Gomeral-109062452841149\/\" data-hovercard=\"\/ajax\/hovercard\/page.php?id=109062452841149&amp;extragetparams=%7B%22directed_target_id%22%3A231092453924867%7D\">Associa\u00e7\u00e3o de Amigos do Gomeral<\/a><\/p>\n<p><strong>Patrocinadores:\u00a0<\/strong><\/p>\n<p><a href=\"https:\/\/www.facebook.com\/ChoppBrahmaExpressBrasil\/?fref=ts\">Chopp Brahma Express<\/a><\/p>\n<p><a href=\"https:\/\/www.facebook.com\/profile.php?id=100010856916899&amp;fref=ts\">Prafrentex<\/a><\/p>\n<p><a href=\"https:\/\/www.facebook.com\/BeerTruckCDG\/?fref=ts\">Beer Truck da Cervejaria do Gordo<\/a><\/p>\n<p><strong>Apoio:<\/strong><\/p>\n<p><a class=\"profileLink\" href=\"https:\/\/www.facebook.com\/Prefeitura-Municipal-da-Est%C3%A2ncia-Tur%C3%ADstica-de-Guaratinguet%C3%A1-474837449241711\/\" data-hovercard=\"\/ajax\/hovercard\/page.php?id=474837449241711&amp;extragetparams=%7B%22directed_target_id%22%3A231092453924867%7D\">Prefeitura Municipal da Est\u00e2ncia Tur\u00edstica de Guaratinguet\u00e1<\/a>:<br \/>\n<a class=\"_58cn\" href=\"https:\/\/www.facebook.com\/hashtag\/turismo?source=feed_text&amp;story_id=232092880491491\" data-ft=\"{&quot;tn&quot;:&quot;*N&quot;,&quot;type&quot;:104}\"><span class=\"_58cl\">\u202a#\u200e<\/span><span class=\"_58cm\">Turismo\u202c<\/span><\/a>: Projeto tempor\u00e1rio para AVCB, estrutura de tendas e palco, gerador, instala\u00e7\u00f5es el\u00e9tricas e uma atra\u00e7\u00e3o musical.<br \/>\n<a class=\"_58cn\" href=\"https:\/\/www.facebook.com\/hashtag\/agricultura?source=feed_text&amp;story_id=232092880491491\" data-ft=\"{&quot;tn&quot;:&quot;*N&quot;,&quot;type&quot;:104}\"><span class=\"_58cl\">\u202a#\u200e<\/span><span class=\"_58cm\">Agricultura\u202c<\/span><\/a>: Manuten\u00e7\u00e3o da estrada do Gomeral.<br \/>\n<a class=\"_58cn\" href=\"https:\/\/www.facebook.com\/hashtag\/departamento?source=feed_text&amp;story_id=232092880491491\" data-ft=\"{&quot;tn&quot;:&quot;*N&quot;,&quot;type&quot;:104}\"><span class=\"_58cl\">\u202a#\u200e<\/span><span class=\"_58cm\">Departamento\u202c<\/span><\/a> de Tr\u00e2nsito: Controle de tr\u00e1fego no acesso ao evento.<\/p>\n<p><a class=\"profileLink\" href=\"https:\/\/www.facebook.com\/senacguara\/\" data-hovercard=\"\/ajax\/hovercard\/page.php?id=233024530108859&amp;extragetparams=%7B%22directed_target_id%22%3A231092453924867%7D\">Senac Guaratinguet\u00e1<\/a>: Pesquisa de satisfa\u00e7\u00e3o e a\u00e7\u00f5es integradas com alunos dos cursos t\u00e9cnicos da rede Senac.<\/p>\n<p>SAEG: Instala\u00e7\u00f5es da rede de \u00e1gua pot\u00e1vel, rede sanit\u00e1ria e coleta de res\u00edduos.<\/p>\n<p>Pol\u00edcia Militar: Refor\u00e7o de policiamento.<\/p>\n<p><strong>Representa\u00e7\u00e3o Comercial:<\/strong>\u00a0<a href=\"https:\/\/www.facebook.com\/Lima-Profectus-1154145981302795\/?fref=ts\">Lima Profectus<\/a><\/p>\n<p><strong>Produ\u00e7\u00e3o Art\u00edstica:<\/strong>\u00a0<a href=\"https:\/\/www.facebook.com\/samuelproeventos\/?fref=ts\">Samuel Pr\u00f3-Eventos<\/a><\/p>\n<p>M\u00eddia Oficial:\u00a0<a href=\"https:\/\/www.facebook.com\/tvvale27\/?fref=ts\">Nova TV Vale<\/a>\u00a0e\u00a0<a href=\"https:\/\/www.facebook.com\/radiocidade1067\/?fref=ts\">R\u00e1dio Cidade<\/a><\/p>\n<p><strong>Para mais informa\u00e7\u00f5es acesse:\u00a0<\/strong><\/p>\n<p><a href=\"https:\/\/www.facebook.com\/events\/231092453924867\/\">13\u00ba Festival da Truta do Gomeral<\/a><\/p>\n<p><a href=\"https:\/\/www.facebook.com\/Festival-da-Truta-do-Gomeral-793091200828434\/?fref=ts\">Festival da Truta do Gomeral<\/a><\/p>\n<p><a href=\"https:\/\/www.facebook.com\/Associa%C3%A7%C3%A3o-de-Amigos-do-Gomeral-109062452841149\/?fref=ts\">Associa\u00e7\u00e3o de Amigos do Gomeral<\/a><\/p>\n<p><a href=\"https:\/\/www.facebook.com\/Prefeitura-Municipal-da-Est%C3%A2ncia-Tur%C3%ADstica-de-Guaratinguet%C3%A1-474837449241711\/?fref=ts\">Prefeitura Municipal da Est\u00e2ncia Tur\u00edstica de Guaratinguet\u00e1<\/a><\/p>\n","protected":false},"excerpt":{"rendered":"<p>Sejam todos bem vindos!!! O Festival da Truta do Gomeral \u00e9 um evento gastron\u00f4mico consagrado, promovido por empreendedores associados em parceria com a Associa\u00e7\u00e3o de Amigos do Gomeral, com apoio da Prefeitura da Est\u00e2ncia Tur\u00edstica de Guarat\u00ednguet\u00e1 e apoio educacional do Senac. Entre os expositores teremos: restaurantes, pousadas e truticultores da regi\u00e3o, um stand de [&hellip;]<\/p>\n","protected":false},"author":1,"featured_media":0,"comment_status":"closed","ping_status":"closed","sticky":false,"template":"","format":"standard","meta":[],"categories":[4],"tags":[19,14,15,16,18],"_links":{"self":[{"href":"http:\/\/gomeral.org.br\/index.php?rest_route=\/wp\/v2\/posts\/283"}],"collection":[{"href":"http:\/\/gomeral.org.br\/index.php?rest_route=\/wp\/v2\/posts"}],"about":[{"href":"http:\/\/gomeral.org.br\/index.php?rest_route=\/wp\/v2\/types\/post"}],"author":[{"embeddable":true,"href":"http:\/\/gomeral.org.br\/index.php?rest_route=\/wp\/v2\/users\/1"}],"replies":[{"embeddable":true,"href":"http:\/\/gomeral.org.br\/index.php?rest_route=%2Fwp%2Fv2%2Fcomments&post=283"}],"version-history":[{"count":3,"href":"http:\/\/gomeral.org.br\/index.php?rest_route=\/wp\/v2\/posts\/283\/revisions"}],"predecessor-version":[{"id":287,"href":"http:\/\/gomeral.org.br\/index.php?rest_route=\/wp\/v2\/posts\/283\/revisions\/287"}],"wp:attachment":[{"href":"http:\/\/gomeral.org.br\/index.php?rest_route=%2Fwp%2Fv2%2Fmedia&parent=283"}],"wp:term":[{"taxonomy":"category","embeddable":true,"href":"http:\/\/gomeral.org.br\/index.php?rest_route=%2Fwp%2Fv2%2Fcategories&post=283"},{"taxonomy":"post_tag","embeddable":true,"href":"http:\/\/gomeral.org.br\/index.php?rest_route=%2Fwp%2Fv2%2Ftags&post=283"}],"curies":[{"name":"wp","href":"https:\/\/api.w.org\/{rel}","templated":true}]}}